{"id":17940,"date":"2026-07-23T18:11:37","date_gmt":"2026-07-23T18:11:37","guid":{"rendered":"https:\/\/www.sdtorrelavega.com\/sdt\/?p=17940"},"modified":"2026-07-23T18:11:56","modified_gmt":"2026-07-23T18:11:56","slug":"viaje-a-teruel-del-12-al-16-de-septiembre-sierra-del-albarracin","status":"publish","type":"post","link":"https:\/\/www.sdtorrelavega.com\/sdt\/?p=17940","title":{"rendered":"Viaje a Teruel del 12 al 16 de septiembre &#8211; Sierra del Albarrac\u00edn"},"content":{"rendered":"\n<figure class=\"wp-block-image size-large\"><img loading=\"lazy\" decoding=\"async\" width=\"683\" height=\"1024\" src=\"https:\/\/www.sdtorrelavega.com\/sdt\/wp-content\/uploads\/2026\/07\/CartelViajeTeruel-683x1024.jpeg\" alt=\"\" class=\"wp-image-17941\" srcset=\"https:\/\/www.sdtorrelavega.com\/sdt\/wp-content\/uploads\/2026\/07\/CartelViajeTeruel-683x1024.jpeg 683w, https:\/\/www.sdtorrelavega.com\/sdt\/wp-content\/uploads\/2026\/07\/CartelViajeTeruel-200x300.jpeg 200w, https:\/\/www.sdtorrelavega.com\/sdt\/wp-content\/uploads\/2026\/07\/CartelViajeTeruel-768x1152.jpeg 768w, https:\/\/www.sdtorrelavega.com\/sdt\/wp-content\/uploads\/2026\/07\/CartelViajeTeruel.jpeg 1024w\" sizes=\"auto, (max-width: 683px) 100vw, 683px\" \/><\/figure>\n\n\n\n<p class=\"wp-block-paragraph\"><\/p>\n\n\n\n<p class=\"wp-block-paragraph\">Para mediados de septiembre aprovechando el puente de la Bien Aparecida en Cantabria y San Cipriano en Torrelavega (<strong>del 12 al 16 de septiembre, de s\u00e1bado a mi\u00e9rcoles<\/strong>), ten\u00edamos planificada actividad por el bajo pirineo, pero para aprovechar mejor tantos d\u00edas e ir a un lugar al cual no se ha ido y en el cual hay bastante baja monta\u00f1a, se ha decidido cambiar la actividad e ir a la zona de la<strong>&nbsp;<a href=\"https:\/\/albarracinturismo.com\/espacios-naturales\/\" target=\"_blank\" rel=\"noreferrer noopener\">Sierra del Albarrac\u00edn en Teruel<\/a><\/strong>, en donde nos alojaremos en la localidad de&nbsp;<strong><a href=\"https:\/\/www.bronchales.es\/\" target=\"_blank\" rel=\"noreferrer noopener\">Bronchales<\/a><\/strong>.<br>Aunque pueda haber alg\u00fan cambio con respecto al siguiente planteamiento, tenemos inicialmente pensado el siguiente planteamiento:<\/p>\n\n\n\n<ul class=\"wp-block-list\">\n<li><strong>Primer d\u00eda<\/strong>, s\u00e1bado 12: el bus saldr\u00e1 temprano para hacer una ruta antes de llegar al destino por Albarracin.&nbsp;<\/li>\n\n\n\n<li><strong>Segundo, tercer y cuarto d\u00eda<\/strong>, del 13 al 15 hacer&nbsp;<strong>rutas varias<\/strong>&nbsp;en travesia aptas para todos los que hacemos senderismo o monta\u00f1a que estar\u00e1n entre 12 y 15 km con un desnivel de entre 300 y 500 metros. Las rutas que inicialmente se plantean serian en los siguientes entornos:\n<ul class=\"wp-block-list\">\n<li><a href=\"https:\/\/sierraalbarracin.com\/barranco-de-la-hoz\" target=\"_blank\" rel=\"noreferrer noopener\">Barranco de la hoz<\/a>: hacerlo&nbsp;desde Calomadre y destaca por su pasarelas, ca\u00f1ones y cascadas.<\/li>\n\n\n\n<li>Estrechos del r\u00edo Ebr\u00f3n: hacerlo desde desde El Cuervo, ruta en paralelo al r\u00edo Ebr\u00f3n que es un afluente del Turia y que va por diferentes zonas de pasarelas.<\/li>\n\n\n\n<li><a href=\"https:\/\/www.turismodearagon.com\/ficha\/el-estrecho-de-vallore\/\" target=\"_blank\" rel=\"noreferrer noopener\">Estrecho de Vallor\u00e9<\/a>: ruta que transcurre entre Montoro de Mezquita y Aliaga en paralelo al r\u00edo Guadalope, en Aliaga est\u00e1 el Parque geol\u00f3gico de Aliaga.&nbsp;<\/li>\n<\/ul>\n<\/li>\n\n\n\n<li><strong>Quinto d\u00eda<\/strong>, mi\u00e9rcoles 16: ruta corta o hacer turismo en el viaje de vuelta.<\/li>\n<\/ul>\n\n\n\n<p class=\"wp-block-paragraph\">El&nbsp;<strong>alojamiento<\/strong>&nbsp;ser\u00e1n en el Hotel Suiza en Bronchales&nbsp;en r\u00e9gimen de&nbsp;<strong>media pensi\u00f3n&nbsp;<\/strong>(desayuno y cena) y las habitaciones son mayormente dobles.<strong>Este correo es para preinscribirse<\/strong>, a la hora de hacerlo indicar si hay&nbsp;<strong>alguna intolerancia o cosa a tener en cuenta de cara a las comidas&nbsp;<\/strong>(vegetariano, no come carne, celiaco, etc). Las plazas son limitadas .<\/p>\n\n\n\n<p class=\"wp-block-paragraph\"><strong>Preferencia para socios<\/strong>, en el caso de&nbsp;<strong>no socios<\/strong>, el precio se incrementar\u00e1 en&nbsp;<strong>15\u20ac&nbsp;<\/strong>y quedar\u00e1n inscritos si quedasen plazas libres.<br>La lista para apuntarse ya esta abierta para el que quiera inscribirse y tiene de plazo hasta el&nbsp;<strong>12 de agosto<\/strong>, una vez cubiertas todas las plazas o a partir de mediados de agosto se informar\u00e1 del precio final a los apuntados para que se proceda al pago.&nbsp;<\/p>\n","protected":false},"excerpt":{"rendered":"<p>Para mediados de septiembre aprovechando el puente de la Bien Aparecida en Cantabria y San Cipriano en Torrelavega (del 12 al 16 de septiembre, de s\u00e1bado a mi\u00e9rcoles), ten\u00edamos planificada actividad por el bajo pirineo, pero para aprovechar mejor tantos d\u00edas e ir a un lugar al cual no se ha ido y en el&nbsp;<a href=\"https:\/\/www.sdtorrelavega.com\/sdt\/?p=17940\" class=\"read-more\">Seguir leyendo<\/a><\/p>\n","protected":false},"author":2,"featured_media":17941,"comment_status":"closed","ping_status":"open","sticky":false,"template":"","format":"standard","meta":{"footnotes":""},"categories":[1],"tags":[],"class_list":["post-17940","post","type-post","status-publish","format-standard","has-post-thumbnail","hentry","category-actividades-sdt","cat-1-id"],"_links":{"self":[{"href":"https:\/\/www.sdtorrelavega.com\/sdt\/index.php?rest_route=\/wp\/v2\/posts\/17940","targetHints":{"allow":["GET"]}}],"collection":[{"href":"https:\/\/www.sdtorrelavega.com\/sdt\/index.php?rest_route=\/wp\/v2\/posts"}],"about":[{"href":"https:\/\/www.sdtorrelavega.com\/sdt\/index.php?rest_route=\/wp\/v2\/types\/post"}],"author":[{"embeddable":true,"href":"https:\/\/www.sdtorrelavega.com\/sdt\/index.php?rest_route=\/wp\/v2\/users\/2"}],"replies":[{"embeddable":true,"href":"https:\/\/www.sdtorrelavega.com\/sdt\/index.php?rest_route=%2Fwp%2Fv2%2Fcomments&post=17940"}],"version-history":[{"count":2,"href":"https:\/\/www.sdtorrelavega.com\/sdt\/index.php?rest_route=\/wp\/v2\/posts\/17940\/revisions"}],"predecessor-version":[{"id":17943,"href":"https:\/\/www.sdtorrelavega.com\/sdt\/index.php?rest_route=\/wp\/v2\/posts\/17940\/revisions\/17943"}],"wp:featuredmedia":[{"embeddable":true,"href":"https:\/\/www.sdtorrelavega.com\/sdt\/index.php?rest_route=\/wp\/v2\/media\/17941"}],"wp:attachment":[{"href":"https:\/\/www.sdtorrelavega.com\/sdt\/index.php?rest_route=%2Fwp%2Fv2%2Fmedia&parent=17940"}],"wp:term":[{"taxonomy":"category","embeddable":true,"href":"https:\/\/www.sdtorrelavega.com\/sdt\/index.php?rest_route=%2Fwp%2Fv2%2Fcategories&post=17940"},{"taxonomy":"post_tag","embeddable":true,"href":"https:\/\/www.sdtorrelavega.com\/sdt\/index.php?rest_route=%2Fwp%2Fv2%2Ftags&post=17940"}],"curies":[{"name":"wp","href":"https:\/\/api.w.org\/{rel}","templated":true}]}}