{"id":17951,"date":"2026-08-01T18:03:58","date_gmt":"2026-08-01T18:03:58","guid":{"rendered":"https:\/\/www.sdtorrelavega.com\/sdt\/?p=17951"},"modified":"2026-08-01T18:04:20","modified_gmt":"2026-08-01T18:04:20","slug":"xv-marcha-popular-subida-al-monte-dobra-inscripciones-abiertas","status":"publish","type":"post","link":"https:\/\/www.sdtorrelavega.com\/sdt\/?p=17951","title":{"rendered":"XV Marcha Popular Subida al Monte Dobra \u2013 \u00a1Inscripciones abiertas!"},"content":{"rendered":"\n<figure class=\"wp-block-image size-full\"><img loading=\"lazy\" decoding=\"async\" width=\"400\" height=\"600\" src=\"https:\/\/www.sdtorrelavega.com\/sdt\/wp-content\/uploads\/2026\/08\/Cartel-XV-Marcha-Dobra-2026_v2.png\" alt=\"\" class=\"wp-image-17952\" srcset=\"https:\/\/www.sdtorrelavega.com\/sdt\/wp-content\/uploads\/2026\/08\/Cartel-XV-Marcha-Dobra-2026_v2.png 400w, https:\/\/www.sdtorrelavega.com\/sdt\/wp-content\/uploads\/2026\/08\/Cartel-XV-Marcha-Dobra-2026_v2-200x300.png 200w\" sizes=\"auto, (max-width: 400px) 100vw, 400px\" \/><\/figure>\n\n\n\n<p class=\"wp-block-paragraph\">Un a\u00f1o m\u00e1s, nos alegra anunciar la celebraci\u00f3n de la&nbsp;<strong>XV Marcha Popular Subida al Monte Dobra<\/strong>.<\/p>\n\n\n\n<p class=\"wp-block-paragraph\">Como el a\u00f1o pasado, seguir\u00e1 teniendo&nbsp;<strong>car\u00e1cter solidario y organizada \u00edntegramente por el club<\/strong>, como el a\u00f1o pasado, con el apoyo del Ayuntamiento de Torrelavega&nbsp;y el patrocinio de la Consejer\u00eda de Cultura, Turismo y Deporte y la Sociedad Regional de Educaci\u00f3n, Cultura y Deporte.<strong>Todo lo recaudado<\/strong>&nbsp;ir\u00e1 destinado a la&nbsp;<strong>Asociaci\u00f3n&nbsp;<a href=\"https:\/\/asociacionapapachando.es\/\" target=\"_blank\" rel=\"noreferrer noopener\">APAPACHANDO<\/a><\/strong>.<br><img decoding=\"async\" alt=\"&#x1f449;\" src=\"https:\/\/fonts.gstatic.com\/s\/e\/notoemoji\/17.0\/1f449\/32.png\">&nbsp;Os invitamos a acompa\u00f1arnos en esta nueva cita, colaborando tanto con el&nbsp;<\/p>\n\n\n\n<p class=\"wp-block-paragraph\"><strong>Club como con APAPACHANDO<\/strong>. Han sido meses de mucho esfuerzo para sacar adelante esta edici\u00f3n con car\u00e1cter solidario y nos gustar\u00eda contar con vuestra participaci\u00f3n.<\/p>\n\n\n\n<p class=\"wp-block-paragraph\">&nbsp;Tambi\u00e9n<strong>&nbsp;pedimos m\u00e1xima difusi\u00f3n&nbsp;<\/strong>entre conocidos y aficionados a la monta\u00f1a, para una participaci\u00f3n multitudinaria.<br>Os pod\u00e9is apuntar para participar en el siguiente&nbsp;<strong><a href=\"https:\/\/www.rockthesport.com\/es\/evento\/xv-marcha-popular-subida-al-monte-dobra\" target=\"_blank\" rel=\"noreferrer noopener\">enlace<\/a><\/strong>&nbsp;y tambi\u00e9n aparte de ello colaborar como&nbsp;<strong>voluntarios en la marcha<\/strong>, para esto \u00faltimo contactar con el club.<\/p>\n\n\n\n<p class=\"wp-block-paragraph\">A medida que se acerque la fecha se ir\u00e1 informando por las redes sociales del club las sorpresas, sorteos y colaboradores que har\u00e1n de esta edici\u00f3n un evento a\u00fan m\u00e1s especial.<\/p>\n\n\n\n<p class=\"wp-block-paragraph\">Muchas gracias por vuestro apoyo. \u00a1Os esperamos en la XV Marcha&nbsp;&nbsp;Popular Subida al Monte&nbsp;Dobra!<\/p>\n","protected":false},"excerpt":{"rendered":"<p>Un a\u00f1o m\u00e1s, nos alegra anunciar la celebraci\u00f3n de la&nbsp;XV Marcha Popular Subida al Monte Dobra. Como el a\u00f1o pasado, seguir\u00e1 teniendo&nbsp;car\u00e1cter solidario y organizada \u00edntegramente por el club, como el a\u00f1o pasado, con el apoyo del Ayuntamiento de Torrelavega&nbsp;y el patrocinio de la Consejer\u00eda de Cultura, Turismo y Deporte y la Sociedad Regional de&nbsp;<a href=\"https:\/\/www.sdtorrelavega.com\/sdt\/?p=17951\" class=\"read-more\">Seguir leyendo<\/a><\/p>\n","protected":false},"author":2,"featured_media":17952,"comment_status":"closed","ping_status":"open","sticky":false,"template":"","format":"standard","meta":{"footnotes":""},"categories":[1],"tags":[],"class_list":["post-17951","post","type-post","status-publish","format-standard","has-post-thumbnail","hentry","category-actividades-sdt","cat-1-id"],"_links":{"self":[{"href":"https:\/\/www.sdtorrelavega.com\/sdt\/index.php?rest_route=\/wp\/v2\/posts\/17951","targetHints":{"allow":["GET"]}}],"collection":[{"href":"https:\/\/www.sdtorrelavega.com\/sdt\/index.php?rest_route=\/wp\/v2\/posts"}],"about":[{"href":"https:\/\/www.sdtorrelavega.com\/sdt\/index.php?rest_route=\/wp\/v2\/types\/post"}],"author":[{"embeddable":true,"href":"https:\/\/www.sdtorrelavega.com\/sdt\/index.php?rest_route=\/wp\/v2\/users\/2"}],"replies":[{"embeddable":true,"href":"https:\/\/www.sdtorrelavega.com\/sdt\/index.php?rest_route=%2Fwp%2Fv2%2Fcomments&post=17951"}],"version-history":[{"count":1,"href":"https:\/\/www.sdtorrelavega.com\/sdt\/index.php?rest_route=\/wp\/v2\/posts\/17951\/revisions"}],"predecessor-version":[{"id":17953,"href":"https:\/\/www.sdtorrelavega.com\/sdt\/index.php?rest_route=\/wp\/v2\/posts\/17951\/revisions\/17953"}],"wp:featuredmedia":[{"embeddable":true,"href":"https:\/\/www.sdtorrelavega.com\/sdt\/index.php?rest_route=\/wp\/v2\/media\/17952"}],"wp:attachment":[{"href":"https:\/\/www.sdtorrelavega.com\/sdt\/index.php?rest_route=%2Fwp%2Fv2%2Fmedia&parent=17951"}],"wp:term":[{"taxonomy":"category","embeddable":true,"href":"https:\/\/www.sdtorrelavega.com\/sdt\/index.php?rest_route=%2Fwp%2Fv2%2Fcategories&post=17951"},{"taxonomy":"post_tag","embeddable":true,"href":"https:\/\/www.sdtorrelavega.com\/sdt\/index.php?rest_route=%2Fwp%2Fv2%2Ftags&post=17951"}],"curies":[{"name":"wp","href":"https:\/\/api.w.org\/{rel}","templated":true}]}}