{"id":17956,"date":"2026-08-30T13:09:53","date_gmt":"2026-08-30T13:09:53","guid":{"rendered":"https:\/\/www.sdtorrelavega.com\/sdt\/?p=17956"},"modified":"2026-08-30T13:09:53","modified_gmt":"2026-08-30T13:09:53","slug":"6-de-septiembre-proxima-marcha-el-cueton","status":"publish","type":"post","link":"https:\/\/www.sdtorrelavega.com\/sdt\/?p=17956","title":{"rendered":"6 de Septiembre &#8211; Pr\u00f3xima marcha: El Cuet\u00f3n"},"content":{"rendered":"\n<figure class=\"wp-block-image size-large\"><img loading=\"lazy\" decoding=\"async\" width=\"683\" height=\"1024\" src=\"https:\/\/www.sdtorrelavega.com\/sdt\/wp-content\/uploads\/2026\/08\/CartelMarchaElCueton-683x1024.jpeg\" alt=\"\" class=\"wp-image-17957\" srcset=\"https:\/\/www.sdtorrelavega.com\/sdt\/wp-content\/uploads\/2026\/08\/CartelMarchaElCueton-683x1024.jpeg 683w, https:\/\/www.sdtorrelavega.com\/sdt\/wp-content\/uploads\/2026\/08\/CartelMarchaElCueton-200x300.jpeg 200w, https:\/\/www.sdtorrelavega.com\/sdt\/wp-content\/uploads\/2026\/08\/CartelMarchaElCueton-768x1152.jpeg 768w, https:\/\/www.sdtorrelavega.com\/sdt\/wp-content\/uploads\/2026\/08\/CartelMarchaElCueton.jpeg 1024w\" sizes=\"auto, (max-width: 683px) 100vw, 683px\" \/><\/figure>\n\n\n\n<p class=\"wp-block-paragraph\">\u00a1Llega septiembre y volvemos a la carga! Esperamos que hay\u00e1is disfrutado mucho del mes de agosto y veng\u00e1is con las pilas cargadas para comenzar de nuevo nuestras marchas.<br>La pr\u00f3xima salida ser\u00e1 El Cuet\u00f3n, entre Arenas de Cabrales y Poncebos\u00a0en pleno parque de Picos de Europa, con dos opciones de recorrido:<\/p>\n\n\n\n<p class=\"wp-block-paragraph\"><br><strong>Ruta A:<\/strong>Partiremos de Arenas por un camino muy marcado, bordeando Las Coronas hasta alcanzar el collado. Desde all\u00ed afrontaremos un tramo de crester\u00eda hasta llegar a El Cuet\u00f3n. Las vistas, si el tiempo y el sol nos acompa\u00f1an, ser\u00e1n impresionantes.\u00a0<\/p>\n\n\n\n<p class=\"wp-block-paragraph\">Despu\u00e9s iniciaremos el descenso hacia las caba\u00f1as de Ond\u00f3n, continuando por la Canal de Bobia, un tramo muy cuidado, para finalizar en Camarme\u00f1a.Distancia:\u00a0<strong>16.7 km<\/strong>\u00a0aprox.&#x2b06; Desnivel:\u00a0+\/-\u00a01500\u00a0m\u00a0aprox.\u00a0Dificultad t\u00e9cnica: dif\u00edcil,<\/p>\n\n\n\n<p class=\"wp-block-paragraph\"><strong>Ruta B:<\/strong>Seguir\u00e1 los mismos pasos que la Ruta A hasta Las Coronas, para regresar posteriormente a Arenas por el camino del Hombre Muerto, pasando por la fuente.<br><img decoding=\"async\" src=\"https:\/\/fonts.gstatic.com\/s\/e\/notoemoji\/17.0\/1f68c\/32.png\" alt=\"&#x1f68c;\">\u00a0Hora de salida:<br>&#8211; Santander:\u00a0<strong>6:30 h<\/strong>&#8211; Torrelavega:\u00a0<strong>7:00 h<\/strong><br>Esperamos contar con todos vosotros para disfrutar juntos de esta primera marcha de septiembre y de una magn\u00edfica jornada de monta\u00f1a.<br>\u00a1Nos vemos en la monta\u00f1a!<\/p>\n\n\n\n<p class=\"wp-block-paragraph\">Las inscripciones ya est\u00e1n abiertas, por lo que os animamos a participar y disfrutar de esta jornada de monta\u00f1a.&nbsp;<br>P.\u00d0. El \u00faltimo d\u00eda para borrarse sin coste es el jueves 4 de septiembre a las 22:00.<br>Un saludo,<br>Sociedad Deportiva Torrelavega<\/p>\n","protected":false},"excerpt":{"rendered":"<p>\u00a1Llega septiembre y volvemos a la carga! Esperamos que hay\u00e1is disfrutado mucho del mes de agosto y veng\u00e1is con las pilas cargadas para comenzar de nuevo nuestras marchas.La pr\u00f3xima salida ser\u00e1 El Cuet\u00f3n, entre Arenas de Cabrales y Poncebos\u00a0en pleno parque de Picos de Europa, con dos opciones de recorrido: Ruta A:Partiremos de Arenas por&nbsp;<a href=\"https:\/\/www.sdtorrelavega.com\/sdt\/?p=17956\" class=\"read-more\">Seguir leyendo<\/a><\/p>\n","protected":false},"author":2,"featured_media":17957,"comment_status":"closed","ping_status":"open","sticky":false,"template":"","format":"standard","meta":{"footnotes":""},"categories":[1],"tags":[],"class_list":["post-17956","post","type-post","status-publish","format-standard","has-post-thumbnail","hentry","category-actividades-sdt","cat-1-id"],"_links":{"self":[{"href":"https:\/\/www.sdtorrelavega.com\/sdt\/index.php?rest_route=\/wp\/v2\/posts\/17956","targetHints":{"allow":["GET"]}}],"collection":[{"href":"https:\/\/www.sdtorrelavega.com\/sdt\/index.php?rest_route=\/wp\/v2\/posts"}],"about":[{"href":"https:\/\/www.sdtorrelavega.com\/sdt\/index.php?rest_route=\/wp\/v2\/types\/post"}],"author":[{"embeddable":true,"href":"https:\/\/www.sdtorrelavega.com\/sdt\/index.php?rest_route=\/wp\/v2\/users\/2"}],"replies":[{"embeddable":true,"href":"https:\/\/www.sdtorrelavega.com\/sdt\/index.php?rest_route=%2Fwp%2Fv2%2Fcomments&post=17956"}],"version-history":[{"count":1,"href":"https:\/\/www.sdtorrelavega.com\/sdt\/index.php?rest_route=\/wp\/v2\/posts\/17956\/revisions"}],"predecessor-version":[{"id":17958,"href":"https:\/\/www.sdtorrelavega.com\/sdt\/index.php?rest_route=\/wp\/v2\/posts\/17956\/revisions\/17958"}],"wp:featuredmedia":[{"embeddable":true,"href":"https:\/\/www.sdtorrelavega.com\/sdt\/index.php?rest_route=\/wp\/v2\/media\/17957"}],"wp:attachment":[{"href":"https:\/\/www.sdtorrelavega.com\/sdt\/index.php?rest_route=%2Fwp%2Fv2%2Fmedia&parent=17956"}],"wp:term":[{"taxonomy":"category","embeddable":true,"href":"https:\/\/www.sdtorrelavega.com\/sdt\/index.php?rest_route=%2Fwp%2Fv2%2Fcategories&post=17956"},{"taxonomy":"post_tag","embeddable":true,"href":"https:\/\/www.sdtorrelavega.com\/sdt\/index.php?rest_route=%2Fwp%2Fv2%2Ftags&post=17956"}],"curies":[{"name":"wp","href":"https:\/\/api.w.org\/{rel}","templated":true}]}}